{"id":88545,"date":"2023-10-14T12:21:18","date_gmt":"2023-10-14T10:21:18","guid":{"rendered":"https:\/\/www.lesocleparis.fr\/?p=88545"},"modified":"2023-10-15T23:06:23","modified_gmt":"2023-10-15T21:06:23","slug":"aka-oni-de-yumi-fujitani","status":"publish","type":"post","link":"https:\/\/www.lesocleparis.fr\/?p=88545","title":{"rendered":"Aka-Oni de Yumi Fujitani"},"content":{"rendered":"<p>[vc_row][vc_column width=\u00a0\u00bb1\/1&Prime;][vc_single_image media=\u00a0\u00bb88646&Prime; media_width_percent=\u00a0\u00bb100&Prime; uncode_shortcode_id=\u00a0\u00bb120803&Prime; media_link=\u00a0\u00bburl:http%3A%2F%2Fyumi-socle-2023&Prime;][\/vc_column][\/vc_row][vc_row][vc_column width=\u00a0\u00bb1\/1&Prime;][vc_column_text uncode_shortcode_id=\u00a0\u00bb166798&Prime;]Le Socle a accueilli la performance chor\u00e9graphique ex\u00e9cut\u00e9e le 16 septembre 2023 par Yumi, la troisi\u00e8me d\u2019une trilogie, apr\u00e8s celles de 2020 et 2021. Le titre, les v\u00eatements de sc\u00e8ne toujours rouges affirment la continuit\u00e9 de l\u2019inspiration de l\u2019artiste.<\/p>\n<blockquote><p><em>\u00ab\u00a0Au point de d\u00e9part, il y a la couleur rouge et un corps de femme. Le rouge \u00e9voque la passion, le sang, les r\u00e8gles menstruelles, le sang des femmes, \u00e0 la fois impur et sacr\u00e9, signe de leur f\u00e9condit\u00e9. La femme poss\u00e9d\u00e9e, sauvage, la sorci\u00e8re, la chamane, la femme-enfant, la femme sacr\u00e9e. Rouge comme une renaissance, rouge comme une bataille avec les fant\u00f4mes. C\u2019est un jeu d\u2019enfant\u2026<\/em><br \/>\n<em>C\u2019est le myst\u00e8re de la vie qui me donne envie de cr\u00e9er cette s\u00e9rie. Je porte un spectre rouge, c\u2019est mon avatar, c\u2019est mon ami.e, c\u2019est mon jeu, c\u2019est mon amour&#8230; c\u2019est mon ennemi, c\u2019est ma m\u00e8re, mon p\u00e8re&#8230; ? Mon enfant ? Les m\u00e9tamorphoses de la vie et la mort&#8230;\u00a0\u00bb<\/em> nous confie-t-elle.<\/p><\/blockquote>\n<p>Il y a toujours un lien entre la performance de Yumi et l\u2019\u0153uvre install\u00e9e sur le Socle devant laquelle elle s\u2019exprime. En septembre 2023, \u00ab\u00a0La bo\u00eete de Pandore\u00a0\u00bb de Daniela Capaccioli et Nicolas Amar, interpr\u00e8te le mythe grec en faisant sortir du pi\u00e9destal des \u00eatres fantasmatiques en grillage. Les deux plasticiens se refusent \u00e0 r\u00e9duire la fable \u00e0 une faute originelle attribu\u00e9e \u00e0 une femme et font porter leur r\u00e9flexion sur le tragique du choix humain entre la connaissance et l\u2019ignorance\u00a0; c\u2019est ainsi qu\u2019ils ont choisi la curiosit\u00e9 comme personnage principal de la sc\u00e8ne pr\u00e9sent\u00e9e. Nouveaut\u00e9 pour le Socle, ils ont con\u00e7u un syst\u00e8me mobile, le spectateur pouvant faire tourner les monstres avec une manivelle.<\/p>\n<p>Le d\u00e9but du spectacle de Yumi commen\u00e7a dans le silence par la pr\u00e9sence d\u2019un \u00eatre \u00e9trange rouge sur un tapis rouge qui s\u2019animait progressivement. Celui-ci s\u2019est d\u00e9fait de sa gangue et a pris vie en rampant et en se relevant, l\u2019humain se d\u00e9tachant de l\u2019animal et laissant voir son visage blanc. Mais la femme ne voulait\/pouvait pas se d\u00e9lier totalement de son avatar, et le transforma en v\u00eatement, joua avec, lui fit supporter tout ce qu\u2019elle a v\u00e9cu.<\/p>\n<p>Comme dans les performances ant\u00e9rieures, \u00ab Aka-Oni \u00bb entre en r\u00e9sonance avec l\u2019\u0153uvre, car, d\u2019une part, l\u2019avatar d&rsquo; \u00ab Aka-Oni \u00bb prend tous les aspects de l\u2019animal, jusqu\u2019au monstre, et, d\u2019autre part, parce ce que Yumi renouvelle son interaction avec le public. En 2023, elle choisit successivement deux personnes parmi les spectateurs, les fit s\u2019habiller des oripeaux de son avatar, les fit tourner ou se coucher, leur fit faire de la musique : au silence succ\u00e9da la musique enregistr\u00e9e, les hommes devenant des animaux de foire ou de cirque, pour le plus grand plaisir du public. Ils apprirent \u00e0 \u00eatre les avatars de l\u2019artiste.<\/p>\n<p>Spectacle de farce, mais aussi de carnaval, o\u00f9 les places sociales s\u2019inversent o\u00f9 donc le politique \u00e9merge. Une femme et deux hommes, la premi\u00e8re manipule les seconds, m\u00eame si c\u2019est pour leur plaisir bien s\u00fbr. On est dans l\u2019\u00e9poque post #Metoo\u00a0: les hommes ont consenti \u00e0 venir au pied du Socle \u00e0 la demande d\u2019une femme\u00a0; c\u2019est Yumi qui exer\u00e7ait une emprise sur eux, le rire de la foule gommant le tragique.<br \/>\nLe rire devint vertu. L\u2019artiste est centrale dans cette performance sociale.<\/p>\n<p>Jean Deuz\u00e8mes<\/p>\n<p>&nbsp;<\/p>\n<p>Cr\u00e9dit photo : Philippe Baldin[\/vc_column_text][\/vc_column][\/vc_row][vc_row][vc_column width=\u00a0\u00bb1\/1&Prime;][vc_single_image media=\u00a0\u00bb88652&Prime; media_width_percent=\u00a0\u00bb100&Prime; uncode_shortcode_id=\u00a0\u00bb171283&Prime; title=\u00a0\u00bbCliquez pour voir le teaser : Aka-Oni de Yumi Fujitani &#8211; Vid\u00e9o : Charles Le Marois (@le_niid)\u00a0\u00bb media_link=\u00a0\u00bburl:%20https%3A%2F%2Fyoutu.be%2FT-rMjB3ucHc%20|title:Voir%20le%20teaser%20Aka-Oni%20de%20Yumi%20Fujitani|target:_blank\u00a0\u00bb][\/vc_column][\/vc_row]<\/p>\n","protected":false},"excerpt":{"rendered":"<p>Le 16 septembre 2023 de 16h \u00e0 17h. Aka-Oni, une performance burlesque dans\u00e9e, par Yumi Fujitani pour la cl\u00f4ture de La bo\u00eete de Pandore<\/p>\n","protected":false},"author":1,"featured_media":88652,"comment_status":"open","ping_status":"open","sticky":false,"template":"","format":"standard","meta":{"footnotes":""},"categories":[79],"tags":[],"class_list":["post-88545","post","type-post","status-publish","format-standard","has-post-thumbnail","hentry","category-evenements"],"_links":{"self":[{"href":"https:\/\/www.lesocleparis.fr\/index.php?rest_route=\/wp\/v2\/posts\/88545","targetHints":{"allow":["GET"]}}],"collection":[{"href":"https:\/\/www.lesocleparis.fr\/index.php?rest_route=\/wp\/v2\/posts"}],"about":[{"href":"https:\/\/www.lesocleparis.fr\/index.php?rest_route=\/wp\/v2\/types\/post"}],"author":[{"embeddable":true,"href":"https:\/\/www.lesocleparis.fr\/index.php?rest_route=\/wp\/v2\/users\/1"}],"replies":[{"embeddable":true,"href":"https:\/\/www.lesocleparis.fr\/index.php?rest_route=%2Fwp%2Fv2%2Fcomments&post=88545"}],"version-history":[{"count":11,"href":"https:\/\/www.lesocleparis.fr\/index.php?rest_route=\/wp\/v2\/posts\/88545\/revisions"}],"predecessor-version":[{"id":88657,"href":"https:\/\/www.lesocleparis.fr\/index.php?rest_route=\/wp\/v2\/posts\/88545\/revisions\/88657"}],"wp:featuredmedia":[{"embeddable":true,"href":"https:\/\/www.lesocleparis.fr\/index.php?rest_route=\/wp\/v2\/media\/88652"}],"wp:attachment":[{"href":"https:\/\/www.lesocleparis.fr\/index.php?rest_route=%2Fwp%2Fv2%2Fmedia&parent=88545"}],"wp:term":[{"taxonomy":"category","embeddable":true,"href":"https:\/\/www.lesocleparis.fr\/index.php?rest_route=%2Fwp%2Fv2%2Fcategories&post=88545"},{"taxonomy":"post_tag","embeddable":true,"href":"https:\/\/www.lesocleparis.fr\/index.php?rest_route=%2Fwp%2Fv2%2Ftags&post=88545"}],"curies":[{"name":"wp","href":"https:\/\/api.w.org\/{rel}","templated":true}]}}