{"id":88551,"date":"2022-09-12T12:56:16","date_gmt":"2022-09-12T10:56:16","guid":{"rendered":"https:\/\/www.lesocleparis.fr\/?p=88551"},"modified":"2022-12-09T11:11:43","modified_gmt":"2022-12-09T10:11:43","slug":"victorine-muller-le-mouvement-vegetatif","status":"publish","type":"post","link":"https:\/\/www.lesocleparis.fr\/?p=88551","title":{"rendered":"Vernissage &#8211; Victorine M\u00fcller, <i>\u00ab\u00a0Le mouvement v\u00e9g\u00e9tatif\u00a0\u00bb<\/i>"},"content":{"rendered":"<p>[vc_row][vc_column width=\u00a0\u00bb1\/1&Prime;][vc_single_image media=\u00a0\u00bb88592&Prime; media_width_percent=\u00a0\u00bb100&Prime; uncode_shortcode_id=\u00a0\u00bb745738&Prime;][\/vc_column][\/vc_row][vc_row][vc_column width=\u00a0\u00bb1\/1&Prime;][vc_column_text uncode_shortcode_id=\u00a0\u00bb190031&Prime;]<\/p>\n<p class=\"western\">\u00c9trange date pour inaugurer une si belle \u0153uvre. Pourquoi pas le 14 juillet, jour de liesse\u00a0?<\/p>\n<p class=\"western\">D\u2019une part, car ce jour de f\u00eate nationale fran\u00e7aise n\u2019est pas celui de la Suisse, le 1<sup>er<\/sup> ao\u00fbt qui se r\u00e9f\u00e8re au Pacte f\u00e9d\u00e9ral de 1291, acte fondateur de la Conf\u00e9d\u00e9ration (Trois cantons au d\u00e9part). Cela aurait \u00e9t\u00e9 mal pris par nos voisins helv\u00e8tes tr\u00e8s fiers de leur neutralit\u00e9 \u00e0 l\u2019\u00e9gard de tous.<\/p>\n<p class=\"western\">D\u2019autre part, car dans le titre de l\u2019\u0153uvre se trouve le mot \u00ab\u00a0mouvement\u00a0\u00bb qui pouvait \u00eatre per\u00e7u par une invitation \u00e0 faire la f\u00eate \u00e0 l\u2019aide de moult p\u00e9tards avec ces deux \u00eatres symboles du vivant, d\u2019o\u00f9 des risques pour une installation gonflable aussi fragile.<\/p>\n<p class=\"western\">Alors avec l\u2019artiste, le lendemain, lors un samedi ensoleill\u00e9, un vernissage simple et affectueux a \u00e9t\u00e9 improvis\u00e9, deux artistes de rue trouvant que cette \u0153uvre hors normes m\u00e9ritait bien une demi-heure musicale.<\/p>\n<p class=\"ydp653d0d08yiv4720577407MsoNormal\"><a href=\"http:\/\/www.victorinemueller.com\/\" target=\"_blank\" rel=\"nofollow noopener\">Site de l\u2019artiste<\/a> <a href=\"http:\/\/www.victorinemueller.com\/\" target=\"_blank\" rel=\"nofollow noopener\">http:\/\/www.victorinemueller.com\/<\/a><\/p>\n<p>[\/vc_column_text][\/vc_column][\/vc_row]<\/p>\n","protected":false},"excerpt":{"rendered":"<p>Le 15 juillet 2022.<\/p>\n","protected":false},"author":1,"featured_media":88592,"comment_status":"open","ping_status":"open","sticky":false,"template":"","format":"standard","meta":{"footnotes":""},"categories":[79],"tags":[],"class_list":["post-88551","post","type-post","status-publish","format-standard","has-post-thumbnail","hentry","category-evenements"],"_links":{"self":[{"href":"https:\/\/www.lesocleparis.fr\/index.php?rest_route=\/wp\/v2\/posts\/88551","targetHints":{"allow":["GET"]}}],"collection":[{"href":"https:\/\/www.lesocleparis.fr\/index.php?rest_route=\/wp\/v2\/posts"}],"about":[{"href":"https:\/\/www.lesocleparis.fr\/index.php?rest_route=\/wp\/v2\/types\/post"}],"author":[{"embeddable":true,"href":"https:\/\/www.lesocleparis.fr\/index.php?rest_route=\/wp\/v2\/users\/1"}],"replies":[{"embeddable":true,"href":"https:\/\/www.lesocleparis.fr\/index.php?rest_route=%2Fwp%2Fv2%2Fcomments&post=88551"}],"version-history":[{"count":7,"href":"https:\/\/www.lesocleparis.fr\/index.php?rest_route=\/wp\/v2\/posts\/88551\/revisions"}],"predecessor-version":[{"id":88593,"href":"https:\/\/www.lesocleparis.fr\/index.php?rest_route=\/wp\/v2\/posts\/88551\/revisions\/88593"}],"wp:featuredmedia":[{"embeddable":true,"href":"https:\/\/www.lesocleparis.fr\/index.php?rest_route=\/wp\/v2\/media\/88592"}],"wp:attachment":[{"href":"https:\/\/www.lesocleparis.fr\/index.php?rest_route=%2Fwp%2Fv2%2Fmedia&parent=88551"}],"wp:term":[{"taxonomy":"category","embeddable":true,"href":"https:\/\/www.lesocleparis.fr\/index.php?rest_route=%2Fwp%2Fv2%2Fcategories&post=88551"},{"taxonomy":"post_tag","embeddable":true,"href":"https:\/\/www.lesocleparis.fr\/index.php?rest_route=%2Fwp%2Fv2%2Ftags&post=88551"}],"curies":[{"name":"wp","href":"https:\/\/api.w.org\/{rel}","templated":true}]}}