{"id":88587,"date":"2022-12-09T11:00:29","date_gmt":"2022-12-09T10:00:29","guid":{"rendered":"https:\/\/www.lesocleparis.fr\/?p=88587"},"modified":"2023-06-08T23:47:06","modified_gmt":"2023-06-08T21:47:06","slug":"financement-participatif-2022-soutenez-la-saison-4-objectif-6-000e","status":"publish","type":"post","link":"https:\/\/www.lesocleparis.fr\/?p=88587","title":{"rendered":"Financement participatif 2022 : soutenez la saison 4 \u2014 objectif 6 000\u20ac"},"content":{"rendered":"<p class=\"western\">Le Socle devait \u00eatre d\u00e9mont\u00e9 cette ann\u00e9e. Mais du fait de son succ\u00e8s, la Ville de Paris a d\u00e9cid\u00e9 de prolonger cette exp\u00e9rience artistique d\u2019une ann\u00e9e suppl\u00e9mentaire, pour compenser les d\u00e9sorganisations li\u00e9es au COVID. 6M3 remercie la Ville.<\/p>\n<p class=\"western\">Mais il faut tenir et surtout terminer en beaut\u00e9, dernier trimestre 2023.<\/p>\n<p class=\"western\"><b>La saison 4,<\/b> en 2023, commence avec un conte visuel, de TANK &amp; POPEK, \u00ab L\u2019Odyss\u00e9e de la Grande Ourse \u00bb, une installation tr\u00e8s haute, et une histoire peinte sur le mur de la copropri\u00e9t\u00e9 proche, qui soutient le projet du Socle. Quatre nouveaux projets sont en pr\u00e9paration. Une grande f\u00eate est envisag\u00e9e pour la Nuit Blanche, 3 juin 2023. Un processus de discussions sera engag\u00e9 afin de recueillir des id\u00e9es sur l\u2019apr\u00e8s-Socle. Et pourquoi ne pas donner un nom \u00e0 cette place toujours sans nom, connue sous \u00ab la placette du Socle \u00bb ?<\/p>\n<p class=\"western\"><b>Le Socle \u00e9tant con\u00e7u et g\u00e9r\u00e9 par une association d\u2019int\u00e9r\u00eat g\u00e9n\u00e9ral, 6M3, votre don b\u00e9n\u00e9ficie d\u2019une d\u00e9duction fiscale de 66%.<\/b><\/p>\n<p class=\"western\">Comment nous aider ? En cliquant sur \u00ab faire un don \u00bb ci-dessous qui vous dirige sur Helloasso, le site s\u00e9curis\u00e9 qui soutient les associations.<\/p>\n<p class=\"western\">Si vous pr\u00e9f\u00e9rez payer en ch\u00e8que \u00e0 l\u2019ordre de 6M3 plut\u00f4t qu\u2019en CB, envoyez le v\u00f4tre \u00e0 6M3\/Le Socle, 8 bis rue du Buisson-Saint-Louis, 75010 Paris.<\/p>\n<p class=\"western\"><span style=\"color: #0000ff;\"><u><a href=\"https:\/\/urlz.fr\/k2Tr\" target=\"_blank\" rel=\"noopener\"><span style=\"color: #1155cc;\"><span style=\"font-family: Helvetica Neue, serif;\">https:\/\/urlz.fr\/k2Tr<\/span><\/span><\/a><\/u><\/span><\/p>\n","protected":false},"excerpt":{"rendered":"<p>Le Socle devait \u00eatre d\u00e9mont\u00e9 cette ann\u00e9e. Mais du fait de son succ\u00e8s, la Ville de Paris a d\u00e9cid\u00e9 de [&hellip;]<\/p>\n","protected":false},"author":1,"featured_media":88594,"comment_status":"open","ping_status":"open","sticky":false,"template":"","format":"standard","meta":{"footnotes":""},"categories":[10],"tags":[],"class_list":["post-88587","post","type-post","status-publish","format-standard","has-post-thumbnail","hentry","category-actualite"],"_links":{"self":[{"href":"https:\/\/www.lesocleparis.fr\/index.php?rest_route=\/wp\/v2\/posts\/88587","targetHints":{"allow":["GET"]}}],"collection":[{"href":"https:\/\/www.lesocleparis.fr\/index.php?rest_route=\/wp\/v2\/posts"}],"about":[{"href":"https:\/\/www.lesocleparis.fr\/index.php?rest_route=\/wp\/v2\/types\/post"}],"author":[{"embeddable":true,"href":"https:\/\/www.lesocleparis.fr\/index.php?rest_route=\/wp\/v2\/users\/1"}],"replies":[{"embeddable":true,"href":"https:\/\/www.lesocleparis.fr\/index.php?rest_route=%2Fwp%2Fv2%2Fcomments&post=88587"}],"version-history":[{"count":5,"href":"https:\/\/www.lesocleparis.fr\/index.php?rest_route=\/wp\/v2\/posts\/88587\/revisions"}],"predecessor-version":[{"id":88596,"href":"https:\/\/www.lesocleparis.fr\/index.php?rest_route=\/wp\/v2\/posts\/88587\/revisions\/88596"}],"wp:featuredmedia":[{"embeddable":true,"href":"https:\/\/www.lesocleparis.fr\/index.php?rest_route=\/wp\/v2\/media\/88594"}],"wp:attachment":[{"href":"https:\/\/www.lesocleparis.fr\/index.php?rest_route=%2Fwp%2Fv2%2Fmedia&parent=88587"}],"wp:term":[{"taxonomy":"category","embeddable":true,"href":"https:\/\/www.lesocleparis.fr\/index.php?rest_route=%2Fwp%2Fv2%2Fcategories&post=88587"},{"taxonomy":"post_tag","embeddable":true,"href":"https:\/\/www.lesocleparis.fr\/index.php?rest_route=%2Fwp%2Fv2%2Ftags&post=88587"}],"curies":[{"name":"wp","href":"https:\/\/api.w.org\/{rel}","templated":true}]}}